{"id":3419,"date":"2012-09-17T15:17:41","date_gmt":"2012-09-17T20:17:41","guid":{"rendered":"http:\/\/polkaconcerts.com\/?p=3419"},"modified":"2012-09-17T15:17:41","modified_gmt":"2012-09-17T20:17:41","slug":"w-cichy-i-pogodny-wieczor-majowy","status":"publish","type":"post","link":"https:\/\/polkaconcerts.com\/?p=3419","title":{"rendered":"W CICHY I POGODNY WIECZ\u00d3R MAJOWY"},"content":{"rendered":"<p><em><strong>W CICHY I POGODNY WIECZ\u00d3R MAJOWY<\/strong><\/em><\/p>\n<p>W cichy i pogodny wiecz\u00f3r majowy,<br \/>\nsz\u0142a sobie dzieweczka przez las d\u0119bowy.<br \/>\nIdzie ona, idzie, bardzo zasmucona,<br \/>\nnadesz\u0142a Cyganka p\u0142aszczem odziana.<\/p>\n<p>Ty\u015b jest Cygank\u0105, ty wr\u00f3\u017cy\u0107 umiesz,<br \/>\nto, co w lesie ro\u015bnie, wszystko rozumiesz.<br \/>\nWywr\u00f3\u017c mi Cyganko, z tej prawej r\u0119ki,<br \/>\nza to ja ci oddam serdeczne dzi\u0119ki.<\/p>\n<p>A gdy ju\u017c Cyganka wr\u00f3\u017cy\u0107 przesta\u0142a,<br \/>\nzaraz si\u0119 dziewczyna \u0142zami zala\u0142a.<br \/>\nOn mnie ju\u017c nie kocha, on kocha inn\u0105,<br \/>\nnadaremno sp\u0119dzasz lata dziewczyno.<\/p>\n<ul class=\"wpfai-list\"><li class=\"wpfai-list-item facebook\">\r\n      <a href=\"http:\/\/www.facebook.com\/sharer.php?u=http%3A%2F%2Fpolkaconcerts.com%2Findex.php%3Frest_route%3D%252Fwp%252Fv2%252Fposts%252F3419&amp;t=\" title=\"Facebook\" class=\"wpfai-facebook wpfai-link wpfainw\">\r\n        <span class=\"fa-stack fa-lg\">\r\n          \r\n          <i class=\"fa fa-facebook fa-stack-1x \"><\/i>\r\n        <\/span>\r\n      <\/a>\r\n    <\/li><li class=\"wpfai-list-item twitter\">\r\n      <a href=\"http:\/\/twitter.com\/share?text=&url=http%3A%2F%2Fpolkaconcerts.com%2Findex.php%3Frest_route%3D%252Fwp%252Fv2%252Fposts%252F3419\" title=\"Twitter\" class=\"wpfai-twitter wpfai-link wpfainw\">\r\n        <span class=\"fa-stack fa-lg\">\r\n          \r\n          <i class=\"fa fa-twitter fa-stack-1x \"><\/i>\r\n        <\/span>\r\n      <\/a>\r\n    <\/li><li class=\"wpfai-list-item google-plus\">\r\n      <a href=\"https:\/\/plus.google.com\/share?url=http%3A%2F%2Fpolkaconcerts.com%2Findex.php%3Frest_route%3D%252Fwp%252Fv2%252Fposts%252F3419\" title=\"Google Plus\" class=\"wpfai-google-plus wpfai-link wpfainw\">\r\n        <span class=\"fa-stack fa-lg\">\r\n          \r\n          <i class=\"fa fa-google-plus fa-stack-1x \"><\/i>\r\n        <\/span>\r\n      <\/a>\r\n    <\/li><li class=\"wpfai-list-item pinterest\">\r\n      <a href=\"http:\/\/pinterest.com\/pin\/create\/button\/?url=http%3A%2F%2Fpolkaconcerts.com%2Findex.php%3Frest_route%3D%252Fwp%252Fv2%252Fposts%252F3419&amp;description=&amp;media=\" title=\"Pinterest\" class=\"wpfai-pinterest wpfai-link wpfainw\">\r\n        <span class=\"fa-stack fa-lg\">\r\n          \r\n          <i class=\"fa fa-pinterest fa-stack-1x \"><\/i>\r\n        <\/span>\r\n      <\/a>\r\n    <\/li><li class=\"wpfai-list-item tumblr\">\r\n      <a href=\"http:\/\/www.tumblr.com\/share\/link?url=http%3A%2F%2Fpolkaconcerts.com%2Findex.php%3Frest_route%3D%252Fwp%252Fv2%252Fposts%252F3419&amp;name=&amp;description=\" title=\"Tumblr\" class=\"wpfai-tumblr wpfai-link wpfainw\">\r\n        <span class=\"fa-stack fa-lg\">\r\n          \r\n          <i class=\"fa fa-tumblr fa-stack-1x \"><\/i>\r\n        <\/span>\r\n      <\/a>\r\n    <\/li><li class=\"wpfai-list-item reddit\">\r\n      <a href=\"http:\/\/www.reddit.com\/submit?url=http%3A%2F%2Fpolkaconcerts.com%2Findex.php%3Frest_route%3D%252Fwp%252Fv2%252Fposts%252F3419\" title=\"Reddit\" class=\"wpfai-reddit wpfai-link wpfainw\">\r\n        <span class=\"fa-stack fa-lg\">\r\n          \r\n          <i class=\"fa fa-reddit fa-stack-1x \"><\/i>\r\n        <\/span>\r\n      <\/a>\r\n    <\/li><li class=\"wpfai-list-item envelope\">\r\n      <a href=\"mailto:?subject=&amp;body=http%3A%2F%2Fpolkaconcerts.com%2Findex.php%3Frest_route%3D%252Fwp%252Fv2%252Fposts%252F3419%20-%20\" title=\"E-Mail\" class=\"wpfai-envelope wpfai-link wpfainw\">\r\n        <span class=\"fa-stack fa-lg\">\r\n          \r\n          <i class=\"fa fa-envelope fa-stack-1x \"><\/i>\r\n        <\/span>\r\n      <\/a>\r\n    <\/li><\/ul>","protected":false},"excerpt":{"rendered":"<p>W CICHY I POGODNY WIECZ\u00d3R MAJOWY W cichy i pogodny wiecz\u00f3r majowy, sz\u0142a sobie dzieweczka przez las d\u0119bowy. Idzie ona, idzie, bardzo zasmucona, nadesz\u0142a Cyganka p\u0142aszczem odziana. Ty\u015b jest Cygank\u0105, ty wr\u00f3\u017cy\u0107 umiesz, to, co w lesie ro\u015bnie, wszystko rozumiesz. Wywr\u00f3\u017c mi Cyganko, z tej prawej r\u0119ki, za to ja\u2026<\/p>\n<p class=\"continue-reading-button\"> <a class=\"continue-reading-link\" href=\"https:\/\/polkaconcerts.com\/?p=3419\">Continue reading<i class=\"crycon-right-dir\"><\/i><\/a><\/p>\n","protected":false},"author":4,"featured_media":0,"comment_status":"open","ping_status":"open","sticky":false,"template":"","format":"standard","meta":{"footnotes":""},"categories":[5],"tags":[77,88,96],"class_list":["post-3419","post","type-post","status-publish","format-standard","hentry","category-lyrics","tag-lyrics","tag-polish-lyrics","tag-polka-lyrics"],"_links":{"self":[{"href":"https:\/\/polkaconcerts.com\/index.php?rest_route=\/wp\/v2\/posts\/3419","targetHints":{"allow":["GET"]}}],"collection":[{"href":"https:\/\/polkaconcerts.com\/index.php?rest_route=\/wp\/v2\/posts"}],"about":[{"href":"https:\/\/polkaconcerts.com\/index.php?rest_route=\/wp\/v2\/types\/post"}],"author":[{"embeddable":true,"href":"https:\/\/polkaconcerts.com\/index.php?rest_route=\/wp\/v2\/users\/4"}],"replies":[{"embeddable":true,"href":"https:\/\/polkaconcerts.com\/index.php?rest_route=%2Fwp%2Fv2%2Fcomments&post=3419"}],"version-history":[{"count":0,"href":"https:\/\/polkaconcerts.com\/index.php?rest_route=\/wp\/v2\/posts\/3419\/revisions"}],"wp:attachment":[{"href":"https:\/\/polkaconcerts.com\/index.php?rest_route=%2Fwp%2Fv2%2Fmedia&parent=3419"}],"wp:term":[{"taxonomy":"category","embeddable":true,"href":"https:\/\/polkaconcerts.com\/index.php?rest_route=%2Fwp%2Fv2%2Fcategories&post=3419"},{"taxonomy":"post_tag","embeddable":true,"href":"https:\/\/polkaconcerts.com\/index.php?rest_route=%2Fwp%2Fv2%2Ftags&post=3419"}],"curies":[{"name":"wp","href":"https:\/\/api.w.org\/{rel}","templated":true}]}}