{"id":3360,"date":"2012-09-17T13:56:19","date_gmt":"2012-09-17T18:56:19","guid":{"rendered":"http:\/\/polkaconcerts.com\/?p=3360"},"modified":"2022-01-10T17:23:13","modified_gmt":"2022-01-10T23:23:13","slug":"fragrant-roses","status":"publish","type":"post","link":"https:\/\/polkaconcerts.com\/?p=3360","title":{"rendered":"Fragrant Roses"},"content":{"rendered":"<p><em><strong>Fragrant Roses<\/strong><\/em><\/p>\n<p>EJ PACHNO MI ROZECZKI, EJ PACHNO DO OKOLA<br \/>\nEJ STANILAM SIE PRZYNIECH, A JASIENEK MNIE WOLA<br \/>\nHEJ WIATEREK POWIECHAL, I ROZIECKI SIE CHWIALY<br \/>\nEJ NIE PRZYCHODZ JASIENKU, EJ BOS DLA MNIE NIE STALY<\/p>\n<p>HEJ CZERWONE ROZIECKI, HEJ BEDE WAS ZBIERALA<br \/>\nHEJ CHODZ MNIE ON POZIUCZUL, HEJ NIE BEDE PLAKALA<br \/>\nHEJ CZERWONE ROZIECKI, HEJ ZAKWITLY MI PIEKNIE<br \/>\nHEJ KUPZE MI KOROLE, HEJ PO MI CERCE ZMIEKNIE<\/p>\n<p>HEJ ROZE MOJE ROZE, HEJ SLICZNE MOJE KWIATY<br \/>\nHEJ ZAKWITLY MI PIEKNIE, HEJ KOLO MOJE CHATY<br \/>\nHEJ SMUTNY WY ROZIECZKI, HEJ CIEBIE WAM SLONECZKA<br \/>\nHEJ JA MNIE JESCZE SMUTNEJ, BEZ MEGO KOCHANECZKA<\/p>\n<p>Other Version of Lyrics<\/p>\n<p>Fragrant Roses Oberek<\/p>\n<p>Hej Pachn\u0105 Mi R\u00f3zeczki, Hej Pachn\u0105 Do Oko\u0142a<br \/>\nHej Stan\u0119\u0142am Se Przy Nich, A Jasieniek Mnie Wo\u0142a<\/p>\n<p>Hej Wiaterek Powiewa\u0142<br \/>\nI R\u00f3zeczki Si\u0119 Chwia\u0142y<br \/>\nHej Nie Przychod\u017a Jasie\u0144ku<br \/>\nHej Bo\u015b Dla Mnie Nie Sta\u0142y<\/p>\n<p>Hej Czerwone R\u00f3zeczki, Hej B\u0119d\u0119 Was Zbiera\u0142a<br \/>\nHej Cho\u0107 Mnie On Porzuci\u0142, Hej Nie B\u0119d\u0119 P\u0142aka\u0142a<\/p>\n<p>Hej Czerwone R\u00f3zeczki<br \/>\nHej Zakwit\u0142y Mi Pi\u0119knie<br \/>\nHej Kup \u017be Mi Korale<br \/>\nHej To Mi Serce Zmi\u0119knie<\/p>\n<p>Hej R\u00f3\u017ce Moje R\u00f3\u017ce, Hej \u015aliczne Moje Kwiaty<br \/>\nHej Zakwit\u0142y Si\u0119 Pi\u0119knie, Hej Ko\u0142o Mojej Chaty<\/p>\n<p>Hej Smutne Wy R\u00f3zeczki<br \/>\nHej Trzeba Wam S\u0142oneczka<br \/>\nHej A Mnie Jeszcze Smutniej<br \/>\nBez Mego Kochaneczka<\/p>\n<ul class=\"wpfai-list\"><li class=\"wpfai-list-item facebook\">\r\n      <a href=\"http:\/\/www.facebook.com\/sharer.php?u=http%3A%2F%2Fpolkaconcerts.com%2Findex.php%3Frest_route%3D%252Fwp%252Fv2%252Fposts%252F3360&amp;t=\" title=\"Facebook\" class=\"wpfai-facebook wpfai-link wpfainw\">\r\n        <span class=\"fa-stack fa-lg\">\r\n          \r\n          <i class=\"fa fa-facebook fa-stack-1x \"><\/i>\r\n        <\/span>\r\n      <\/a>\r\n    <\/li><li class=\"wpfai-list-item twitter\">\r\n      <a href=\"http:\/\/twitter.com\/share?text=&url=http%3A%2F%2Fpolkaconcerts.com%2Findex.php%3Frest_route%3D%252Fwp%252Fv2%252Fposts%252F3360\" title=\"Twitter\" class=\"wpfai-twitter wpfai-link wpfainw\">\r\n        <span class=\"fa-stack fa-lg\">\r\n          \r\n          <i class=\"fa fa-twitter fa-stack-1x \"><\/i>\r\n        <\/span>\r\n      <\/a>\r\n    <\/li><li class=\"wpfai-list-item google-plus\">\r\n      <a href=\"https:\/\/plus.google.com\/share?url=http%3A%2F%2Fpolkaconcerts.com%2Findex.php%3Frest_route%3D%252Fwp%252Fv2%252Fposts%252F3360\" title=\"Google Plus\" class=\"wpfai-google-plus wpfai-link wpfainw\">\r\n        <span class=\"fa-stack fa-lg\">\r\n          \r\n          <i class=\"fa fa-google-plus fa-stack-1x \"><\/i>\r\n        <\/span>\r\n      <\/a>\r\n    <\/li><li class=\"wpfai-list-item pinterest\">\r\n      <a href=\"http:\/\/pinterest.com\/pin\/create\/button\/?url=http%3A%2F%2Fpolkaconcerts.com%2Findex.php%3Frest_route%3D%252Fwp%252Fv2%252Fposts%252F3360&amp;description=&amp;media=\" title=\"Pinterest\" class=\"wpfai-pinterest wpfai-link wpfainw\">\r\n        <span class=\"fa-stack fa-lg\">\r\n          \r\n          <i class=\"fa fa-pinterest fa-stack-1x \"><\/i>\r\n        <\/span>\r\n      <\/a>\r\n    <\/li><li class=\"wpfai-list-item tumblr\">\r\n      <a href=\"http:\/\/www.tumblr.com\/share\/link?url=http%3A%2F%2Fpolkaconcerts.com%2Findex.php%3Frest_route%3D%252Fwp%252Fv2%252Fposts%252F3360&amp;name=&amp;description=\" title=\"Tumblr\" class=\"wpfai-tumblr wpfai-link wpfainw\">\r\n        <span class=\"fa-stack fa-lg\">\r\n          \r\n          <i class=\"fa fa-tumblr fa-stack-1x \"><\/i>\r\n        <\/span>\r\n      <\/a>\r\n    <\/li><li class=\"wpfai-list-item reddit\">\r\n      <a href=\"http:\/\/www.reddit.com\/submit?url=http%3A%2F%2Fpolkaconcerts.com%2Findex.php%3Frest_route%3D%252Fwp%252Fv2%252Fposts%252F3360\" title=\"Reddit\" class=\"wpfai-reddit wpfai-link wpfainw\">\r\n        <span class=\"fa-stack fa-lg\">\r\n          \r\n          <i class=\"fa fa-reddit fa-stack-1x \"><\/i>\r\n        <\/span>\r\n      <\/a>\r\n    <\/li><li class=\"wpfai-list-item envelope\">\r\n      <a href=\"mailto:?subject=&amp;body=http%3A%2F%2Fpolkaconcerts.com%2Findex.php%3Frest_route%3D%252Fwp%252Fv2%252Fposts%252F3360%20-%20\" title=\"E-Mail\" class=\"wpfai-envelope wpfai-link wpfainw\">\r\n        <span class=\"fa-stack fa-lg\">\r\n          \r\n          <i class=\"fa fa-envelope fa-stack-1x \"><\/i>\r\n        <\/span>\r\n      <\/a>\r\n    <\/li><\/ul>","protected":false},"excerpt":{"rendered":"<p>Fragrant Roses EJ PACHNO MI ROZECZKI, EJ PACHNO DO OKOLA EJ STANILAM SIE PRZYNIECH, A JASIENEK MNIE WOLA HEJ WIATEREK POWIECHAL, I ROZIECKI SIE CHWIALY EJ NIE PRZYCHODZ JASIENKU, EJ BOS DLA MNIE NIE STALY HEJ CZERWONE ROZIECKI, HEJ BEDE WAS ZBIERALA HEJ CHODZ MNIE ON POZIUCZUL, HEJ NIE BEDE\u2026<\/p>\n<p class=\"continue-reading-button\"> <a class=\"continue-reading-link\" href=\"https:\/\/polkaconcerts.com\/?p=3360\">Continue reading<i class=\"crycon-right-dir\"><\/i><\/a><\/p>\n","protected":false},"author":4,"featured_media":0,"comment_status":"open","ping_status":"open","sticky":false,"template":"","format":"standard","meta":{"footnotes":""},"categories":[5],"tags":[77,88,96],"class_list":["post-3360","post","type-post","status-publish","format-standard","hentry","category-lyrics","tag-lyrics","tag-polish-lyrics","tag-polka-lyrics"],"_links":{"self":[{"href":"https:\/\/polkaconcerts.com\/index.php?rest_route=\/wp\/v2\/posts\/3360","targetHints":{"allow":["GET"]}}],"collection":[{"href":"https:\/\/polkaconcerts.com\/index.php?rest_route=\/wp\/v2\/posts"}],"about":[{"href":"https:\/\/polkaconcerts.com\/index.php?rest_route=\/wp\/v2\/types\/post"}],"author":[{"embeddable":true,"href":"https:\/\/polkaconcerts.com\/index.php?rest_route=\/wp\/v2\/users\/4"}],"replies":[{"embeddable":true,"href":"https:\/\/polkaconcerts.com\/index.php?rest_route=%2Fwp%2Fv2%2Fcomments&post=3360"}],"version-history":[{"count":2,"href":"https:\/\/polkaconcerts.com\/index.php?rest_route=\/wp\/v2\/posts\/3360\/revisions"}],"predecessor-version":[{"id":18227,"href":"https:\/\/polkaconcerts.com\/index.php?rest_route=\/wp\/v2\/posts\/3360\/revisions\/18227"}],"wp:attachment":[{"href":"https:\/\/polkaconcerts.com\/index.php?rest_route=%2Fwp%2Fv2%2Fmedia&parent=3360"}],"wp:term":[{"taxonomy":"category","embeddable":true,"href":"https:\/\/polkaconcerts.com\/index.php?rest_route=%2Fwp%2Fv2%2Fcategories&post=3360"},{"taxonomy":"post_tag","embeddable":true,"href":"https:\/\/polkaconcerts.com\/index.php?rest_route=%2Fwp%2Fv2%2Ftags&post=3360"}],"curies":[{"name":"wp","href":"https:\/\/api.w.org\/{rel}","templated":true}]}}