{"id":3358,"date":"2012-09-17T13:55:12","date_gmt":"2012-09-17T18:55:12","guid":{"rendered":"http:\/\/polkaconcerts.com\/?p=3358"},"modified":"2012-09-17T13:55:12","modified_gmt":"2012-09-17T18:55:12","slug":"dark-forest-polka","status":"publish","type":"post","link":"https:\/\/polkaconcerts.com\/?p=3358","title":{"rendered":"Dark Forest Polka"},"content":{"rendered":"<p><em><strong>Dark Forest Polka<\/strong><\/em><\/p>\n<p>Na oko\u0142o \u0107iemny las<br \/>\nNa oko\u0142o \u0107iemny las<br \/>\nCzeka\u0142a tam Ka\u015bia, na swojego Ja\u015bia<br \/>\nCzy przyjezdzie z wojny czas<br \/>\nCzy przyjezdzie z wojny czas<br \/>\n&#8212;&#8212;&#8212;&#8212;&#8212;&#8212;&#8212;&#8212;&#8212;&#8212;&#8212;&#8212;&#8212;&#8212;&#8212;&#8212;&#8212;&#8212;<br \/>\nOj jedzie moj Ja\u015b jedzie<br \/>\nNie \u017aa\u0142uje koni\u015bia<br \/>\nA przy lewym boku, A przy lewym boku<br \/>\n\u015awie\u0107i musi\u0119 szabelka<br \/>\n\u015awie\u0107i musi\u0119 szabelka<br \/>\n&#8212;&#8212;&#8212;&#8212;&#8212;&#8212;&#8212;&#8212;&#8212;&#8212;&#8212;&#8212;&#8212;&#8212;&#8212;&#8212;&#8212;&#8212;<br \/>\nOj jedzie moj Ja\u015b jedzie<br \/>\nPrzecze zem go pozna\u0142a<br \/>\nWywija\u0142 chusteczke, wywilja\u0142 chusteczke<br \/>\nTo co ja mu j\u0105 da\u0142a<br \/>\nTo co ja mu j\u0105 da\u0142a<\/p>\n<ul class=\"wpfai-list\"><li class=\"wpfai-list-item facebook\">\r\n      <a href=\"http:\/\/www.facebook.com\/sharer.php?u=http%3A%2F%2Fpolkaconcerts.com%2Findex.php%3Frest_route%3D%252Fwp%252Fv2%252Fposts%252F3358&amp;t=\" title=\"Facebook\" class=\"wpfai-facebook wpfai-link wpfainw\">\r\n        <span class=\"fa-stack fa-lg\">\r\n          \r\n          <i class=\"fa fa-facebook fa-stack-1x \"><\/i>\r\n        <\/span>\r\n      <\/a>\r\n    <\/li><li class=\"wpfai-list-item twitter\">\r\n      <a href=\"http:\/\/twitter.com\/share?text=&url=http%3A%2F%2Fpolkaconcerts.com%2Findex.php%3Frest_route%3D%252Fwp%252Fv2%252Fposts%252F3358\" title=\"Twitter\" class=\"wpfai-twitter wpfai-link wpfainw\">\r\n        <span class=\"fa-stack fa-lg\">\r\n          \r\n          <i class=\"fa fa-twitter fa-stack-1x \"><\/i>\r\n        <\/span>\r\n      <\/a>\r\n    <\/li><li class=\"wpfai-list-item google-plus\">\r\n      <a href=\"https:\/\/plus.google.com\/share?url=http%3A%2F%2Fpolkaconcerts.com%2Findex.php%3Frest_route%3D%252Fwp%252Fv2%252Fposts%252F3358\" title=\"Google Plus\" class=\"wpfai-google-plus wpfai-link wpfainw\">\r\n        <span class=\"fa-stack fa-lg\">\r\n          \r\n          <i class=\"fa fa-google-plus fa-stack-1x \"><\/i>\r\n        <\/span>\r\n      <\/a>\r\n    <\/li><li class=\"wpfai-list-item pinterest\">\r\n      <a href=\"http:\/\/pinterest.com\/pin\/create\/button\/?url=http%3A%2F%2Fpolkaconcerts.com%2Findex.php%3Frest_route%3D%252Fwp%252Fv2%252Fposts%252F3358&amp;description=&amp;media=\" title=\"Pinterest\" class=\"wpfai-pinterest wpfai-link wpfainw\">\r\n        <span class=\"fa-stack fa-lg\">\r\n          \r\n          <i class=\"fa fa-pinterest fa-stack-1x \"><\/i>\r\n        <\/span>\r\n      <\/a>\r\n    <\/li><li class=\"wpfai-list-item tumblr\">\r\n      <a href=\"http:\/\/www.tumblr.com\/share\/link?url=http%3A%2F%2Fpolkaconcerts.com%2Findex.php%3Frest_route%3D%252Fwp%252Fv2%252Fposts%252F3358&amp;name=&amp;description=\" title=\"Tumblr\" class=\"wpfai-tumblr wpfai-link wpfainw\">\r\n        <span class=\"fa-stack fa-lg\">\r\n          \r\n          <i class=\"fa fa-tumblr fa-stack-1x \"><\/i>\r\n        <\/span>\r\n      <\/a>\r\n    <\/li><li class=\"wpfai-list-item reddit\">\r\n      <a href=\"http:\/\/www.reddit.com\/submit?url=http%3A%2F%2Fpolkaconcerts.com%2Findex.php%3Frest_route%3D%252Fwp%252Fv2%252Fposts%252F3358\" title=\"Reddit\" class=\"wpfai-reddit wpfai-link wpfainw\">\r\n        <span class=\"fa-stack fa-lg\">\r\n          \r\n          <i class=\"fa fa-reddit fa-stack-1x \"><\/i>\r\n        <\/span>\r\n      <\/a>\r\n    <\/li><li class=\"wpfai-list-item envelope\">\r\n      <a href=\"mailto:?subject=&amp;body=http%3A%2F%2Fpolkaconcerts.com%2Findex.php%3Frest_route%3D%252Fwp%252Fv2%252Fposts%252F3358%20-%20\" title=\"E-Mail\" class=\"wpfai-envelope wpfai-link wpfainw\">\r\n        <span class=\"fa-stack fa-lg\">\r\n          \r\n          <i class=\"fa fa-envelope fa-stack-1x \"><\/i>\r\n        <\/span>\r\n      <\/a>\r\n    <\/li><\/ul>","protected":false},"excerpt":{"rendered":"<p>Dark Forest Polka Na oko\u0142o \u0107iemny las Na oko\u0142o \u0107iemny las Czeka\u0142a tam Ka\u015bia, na swojego Ja\u015bia Czy przyjezdzie z wojny czas Czy przyjezdzie z wojny czas &#8212;&#8212;&#8212;&#8212;&#8212;&#8212;&#8212;&#8212;&#8212;&#8212;&#8212;&#8212;&#8212;&#8212;&#8212;&#8212;&#8212;&#8212; Oj jedzie moj Ja\u015b jedzie Nie \u017aa\u0142uje koni\u015bia A przy lewym boku, A przy lewym boku \u015awie\u0107i musi\u0119 szabelka \u015awie\u0107i musi\u0119 szabelka\u2026<\/p>\n<p class=\"continue-reading-button\"> <a class=\"continue-reading-link\" href=\"https:\/\/polkaconcerts.com\/?p=3358\">Continue reading<i class=\"crycon-right-dir\"><\/i><\/a><\/p>\n","protected":false},"author":4,"featured_media":0,"comment_status":"open","ping_status":"open","sticky":false,"template":"","format":"standard","meta":{"footnotes":""},"categories":[5],"tags":[77,88,96],"class_list":["post-3358","post","type-post","status-publish","format-standard","hentry","category-lyrics","tag-lyrics","tag-polish-lyrics","tag-polka-lyrics"],"_links":{"self":[{"href":"https:\/\/polkaconcerts.com\/index.php?rest_route=\/wp\/v2\/posts\/3358","targetHints":{"allow":["GET"]}}],"collection":[{"href":"https:\/\/polkaconcerts.com\/index.php?rest_route=\/wp\/v2\/posts"}],"about":[{"href":"https:\/\/polkaconcerts.com\/index.php?rest_route=\/wp\/v2\/types\/post"}],"author":[{"embeddable":true,"href":"https:\/\/polkaconcerts.com\/index.php?rest_route=\/wp\/v2\/users\/4"}],"replies":[{"embeddable":true,"href":"https:\/\/polkaconcerts.com\/index.php?rest_route=%2Fwp%2Fv2%2Fcomments&post=3358"}],"version-history":[{"count":0,"href":"https:\/\/polkaconcerts.com\/index.php?rest_route=\/wp\/v2\/posts\/3358\/revisions"}],"wp:attachment":[{"href":"https:\/\/polkaconcerts.com\/index.php?rest_route=%2Fwp%2Fv2%2Fmedia&parent=3358"}],"wp:term":[{"taxonomy":"category","embeddable":true,"href":"https:\/\/polkaconcerts.com\/index.php?rest_route=%2Fwp%2Fv2%2Fcategories&post=3358"},{"taxonomy":"post_tag","embeddable":true,"href":"https:\/\/polkaconcerts.com\/index.php?rest_route=%2Fwp%2Fv2%2Ftags&post=3358"}],"curies":[{"name":"wp","href":"https:\/\/api.w.org\/{rel}","templated":true}]}}