{"id":3341,"date":"2012-09-17T13:42:20","date_gmt":"2012-09-17T18:42:20","guid":{"rendered":"http:\/\/polkaconcerts.com\/?p=3341"},"modified":"2012-09-17T13:42:20","modified_gmt":"2012-09-17T18:42:20","slug":"angies-polka","status":"publish","type":"post","link":"https:\/\/polkaconcerts.com\/?p=3341","title":{"rendered":"Angie&#039;s Polka"},"content":{"rendered":"<p><em><strong>Angie&#8217;s Polka<\/strong><\/em><\/p>\n<p>Na zielonej \u0142\u0105ce pas\u0142a Andzia pawie<br \/>\nPrzyjechali trzy kawalerowie, w\u0119druj Andziu z nami<br \/>\nPrzyjechali trzy kawalerowie, w\u0119druj Andziu z nami<br \/>\n&#8212;&#8212;&#8212;&#8212;&#8212;&#8212;&#8212;&#8212;&#8212;&#8212;&#8212;&#8212;&#8212;&#8212;-<br \/>\nJak\u017ce mam w\u0119drowa\u0107? Gdzie zostawi\u0119 pawie?<br \/>\nZagnaj pawie mi\u0119dzy dolinami i pojed\u017ce z nami<br \/>\nZagnaj pawie mi\u0119dzy dolinami i pojed\u017ce z nami<br \/>\n&#8212;&#8212;&#8212;&#8212;&#8212;&#8212;&#8212;&#8212;&#8212;&#8212;&#8212;&#8212;&#8212;&#8212;&#8211;<br \/>\nIdzie pan z ksi\u0105\u017ckami, Andzia bluzki pierze<br \/>\nRzuca ksi\u0105\u017cki pomi\u0119dzy doliny, do Andzi sie bierze<br \/>\nRzuca ksi\u0105\u017cki pomi\u0119dzy doliny, do Andzi sie bierze<br \/>\n&#8212;&#8212;&#8212;&#8212;&#8212;&#8212;&#8212;&#8212;&#8212;&#8212;&#8212;&#8212;&#8212;&#8212;&#8211;<br \/>\nDaj\u017ce spokoj panie, bo ja powiem mamie<br \/>\nNie m\u00f3w mamie, Andziu Andziule\u0144ku nic ci si\u0119 nie stanie<br \/>\nNie m\u00f3w mamie, Andziu Andziule\u0144ku nic ci si\u0119 nie stanie<\/p>\n<ul class=\"wpfai-list\"><li class=\"wpfai-list-item facebook\">\r\n      <a href=\"http:\/\/www.facebook.com\/sharer.php?u=http%3A%2F%2Fpolkaconcerts.com%2Findex.php%3Frest_route%3D%252Fwp%252Fv2%252Fposts%252F3341&amp;t=\" title=\"Facebook\" class=\"wpfai-facebook wpfai-link wpfainw\">\r\n        <span class=\"fa-stack fa-lg\">\r\n          \r\n          <i class=\"fa fa-facebook fa-stack-1x \"><\/i>\r\n        <\/span>\r\n      <\/a>\r\n    <\/li><li class=\"wpfai-list-item twitter\">\r\n      <a href=\"http:\/\/twitter.com\/share?text=&url=http%3A%2F%2Fpolkaconcerts.com%2Findex.php%3Frest_route%3D%252Fwp%252Fv2%252Fposts%252F3341\" title=\"Twitter\" class=\"wpfai-twitter wpfai-link wpfainw\">\r\n        <span class=\"fa-stack fa-lg\">\r\n          \r\n          <i class=\"fa fa-twitter fa-stack-1x \"><\/i>\r\n        <\/span>\r\n      <\/a>\r\n    <\/li><li class=\"wpfai-list-item google-plus\">\r\n      <a href=\"https:\/\/plus.google.com\/share?url=http%3A%2F%2Fpolkaconcerts.com%2Findex.php%3Frest_route%3D%252Fwp%252Fv2%252Fposts%252F3341\" title=\"Google Plus\" class=\"wpfai-google-plus wpfai-link wpfainw\">\r\n        <span class=\"fa-stack fa-lg\">\r\n          \r\n          <i class=\"fa fa-google-plus fa-stack-1x \"><\/i>\r\n        <\/span>\r\n      <\/a>\r\n    <\/li><li class=\"wpfai-list-item pinterest\">\r\n      <a href=\"http:\/\/pinterest.com\/pin\/create\/button\/?url=http%3A%2F%2Fpolkaconcerts.com%2Findex.php%3Frest_route%3D%252Fwp%252Fv2%252Fposts%252F3341&amp;description=&amp;media=\" title=\"Pinterest\" class=\"wpfai-pinterest wpfai-link wpfainw\">\r\n        <span class=\"fa-stack fa-lg\">\r\n          \r\n          <i class=\"fa fa-pinterest fa-stack-1x \"><\/i>\r\n        <\/span>\r\n      <\/a>\r\n    <\/li><li class=\"wpfai-list-item tumblr\">\r\n      <a href=\"http:\/\/www.tumblr.com\/share\/link?url=http%3A%2F%2Fpolkaconcerts.com%2Findex.php%3Frest_route%3D%252Fwp%252Fv2%252Fposts%252F3341&amp;name=&amp;description=\" title=\"Tumblr\" class=\"wpfai-tumblr wpfai-link wpfainw\">\r\n        <span class=\"fa-stack fa-lg\">\r\n          \r\n          <i class=\"fa fa-tumblr fa-stack-1x \"><\/i>\r\n        <\/span>\r\n      <\/a>\r\n    <\/li><li class=\"wpfai-list-item reddit\">\r\n      <a href=\"http:\/\/www.reddit.com\/submit?url=http%3A%2F%2Fpolkaconcerts.com%2Findex.php%3Frest_route%3D%252Fwp%252Fv2%252Fposts%252F3341\" title=\"Reddit\" class=\"wpfai-reddit wpfai-link wpfainw\">\r\n        <span class=\"fa-stack fa-lg\">\r\n          \r\n          <i class=\"fa fa-reddit fa-stack-1x \"><\/i>\r\n        <\/span>\r\n      <\/a>\r\n    <\/li><li class=\"wpfai-list-item envelope\">\r\n      <a href=\"mailto:?subject=&amp;body=http%3A%2F%2Fpolkaconcerts.com%2Findex.php%3Frest_route%3D%252Fwp%252Fv2%252Fposts%252F3341%20-%20\" title=\"E-Mail\" class=\"wpfai-envelope wpfai-link wpfainw\">\r\n        <span class=\"fa-stack fa-lg\">\r\n          \r\n          <i class=\"fa fa-envelope fa-stack-1x \"><\/i>\r\n        <\/span>\r\n      <\/a>\r\n    <\/li><\/ul>","protected":false},"excerpt":{"rendered":"<p>Angie&#8217;s Polka Na zielonej \u0142\u0105ce pas\u0142a Andzia pawie Przyjechali trzy kawalerowie, w\u0119druj Andziu z nami Przyjechali trzy kawalerowie, w\u0119druj Andziu z nami &#8212;&#8212;&#8212;&#8212;&#8212;&#8212;&#8212;&#8212;&#8212;&#8212;&#8212;&#8212;&#8212;&#8212;- Jak\u017ce mam w\u0119drowa\u0107? Gdzie zostawi\u0119 pawie? Zagnaj pawie mi\u0119dzy dolinami i pojed\u017ce z nami Zagnaj pawie mi\u0119dzy dolinami i pojed\u017ce z nami &#8212;&#8212;&#8212;&#8212;&#8212;&#8212;&#8212;&#8212;&#8212;&#8212;&#8212;&#8212;&#8212;&#8212;&#8211; Idzie pan z ksi\u0105\u017ckami,\u2026<\/p>\n<p class=\"continue-reading-button\"> <a class=\"continue-reading-link\" href=\"https:\/\/polkaconcerts.com\/?p=3341\">Continue reading<i class=\"crycon-right-dir\"><\/i><\/a><\/p>\n","protected":false},"author":4,"featured_media":0,"comment_status":"open","ping_status":"open","sticky":false,"template":"","format":"standard","meta":{"footnotes":""},"categories":[5],"tags":[77,88,96],"class_list":["post-3341","post","type-post","status-publish","format-standard","hentry","category-lyrics","tag-lyrics","tag-polish-lyrics","tag-polka-lyrics"],"_links":{"self":[{"href":"https:\/\/polkaconcerts.com\/index.php?rest_route=\/wp\/v2\/posts\/3341","targetHints":{"allow":["GET"]}}],"collection":[{"href":"https:\/\/polkaconcerts.com\/index.php?rest_route=\/wp\/v2\/posts"}],"about":[{"href":"https:\/\/polkaconcerts.com\/index.php?rest_route=\/wp\/v2\/types\/post"}],"author":[{"embeddable":true,"href":"https:\/\/polkaconcerts.com\/index.php?rest_route=\/wp\/v2\/users\/4"}],"replies":[{"embeddable":true,"href":"https:\/\/polkaconcerts.com\/index.php?rest_route=%2Fwp%2Fv2%2Fcomments&post=3341"}],"version-history":[{"count":0,"href":"https:\/\/polkaconcerts.com\/index.php?rest_route=\/wp\/v2\/posts\/3341\/revisions"}],"wp:attachment":[{"href":"https:\/\/polkaconcerts.com\/index.php?rest_route=%2Fwp%2Fv2%2Fmedia&parent=3341"}],"wp:term":[{"taxonomy":"category","embeddable":true,"href":"https:\/\/polkaconcerts.com\/index.php?rest_route=%2Fwp%2Fv2%2Fcategories&post=3341"},{"taxonomy":"post_tag","embeddable":true,"href":"https:\/\/polkaconcerts.com\/index.php?rest_route=%2Fwp%2Fv2%2Ftags&post=3341"}],"curies":[{"name":"wp","href":"https:\/\/api.w.org\/{rel}","templated":true}]}}